{"id":8049,"date":"2017-02-22T17:31:55","date_gmt":"2017-02-22T16:31:55","guid":{"rendered":"http:\/\/www.isiafaenza.it\/?p=8049"},"modified":"2017-03-21T22:13:05","modified_gmt":"2017-03-21T21:13:05","slug":"marinella-paderni-nominata-dalla-farnesina-ambasciatore-a-malta-per-litalian-design-day","status":"publish","type":"post","link":"https:\/\/www.isiafaenza.it\/en\/marinella-paderni-nominata-dalla-farnesina-ambasciatore-a-malta-per-litalian-design-day\/","title":{"rendered":"Marinella Paderni nominata dalla Farnesina ambasciatore a Malta per l&#8217;Italian Design Day"},"content":{"rendered":"<p><img loading=\"lazy\" decoding=\"async\" class=\"size-large wp-image-8050 aligncenter\" src=\"http:\/\/www.isiafaenza.it\/wp-content\/uploads\/2017\/02\/DSC8819-1024x683.jpg\" alt=\"\" width=\"550\" height=\"367\" srcset=\"https:\/\/www.isiafaenza.it\/wp-content\/uploads\/2017\/02\/DSC8819-1024x683.jpg 1024w, https:\/\/www.isiafaenza.it\/wp-content\/uploads\/2017\/02\/DSC8819-300x200.jpg 300w, https:\/\/www.isiafaenza.it\/wp-content\/uploads\/2017\/02\/DSC8819-768x513.jpg 768w\" sizes=\"auto, (max-width: 550px) 100vw, 550px\" \/>In occasione dell\u2019<strong>Italian Design Day Marinella Padern<\/strong>i, <strong>direttore dell\u2019ISIA di Faenza,<\/strong> \u00e8 stata nominata dalla Farnesina ambasciatore del design italiano nel mondo<\/p>\n<p>Lanciato dal Ministero degli Affari Esteri e della Cooperazione Internazionale in collaborazione con la <strong>Triennale di Milano<\/strong>, l\u2019Italian Design Day (previsto per il<strong> 2 marzo 2017<\/strong>) intende promuovere il design italiano contemporaneo all\u2019estero.<\/p>\n<p>In questa occasione in circa 100 sedi del mondo, 100 &#8220;ambasciatori&#8221; della cultura italiana (designer, imprenditori, giornalisti, critici, docenti) racconteranno progetti di eccellenza.<\/p>\n<p>Il direttore dell\u2019<strong>Universit\u00e0 del design di Faenza <\/strong>\u00e8 stata invitata a Malta, in collaborazione con l\u2019Istituto di Cultura Italiana, <strong>il 28 febbraio 2017, alle 9.30<\/strong>, a tenere una conferenza alla <strong>Faculty of Media and Knowledge Science \u2013 University of Malta Department of Digital Arts<\/strong>, su<strong> \u201cIl futuro \u00e8 design: l\u2019arte del progetto in Italia\u201d<\/strong>.<\/p>\n<p>&#8220;I grandi cambiamenti culturali e economici di questi ultimi decenni hanno dato vita a nuove forme di design, &#8211; <strong>spiega Marinella Paderni<\/strong> &#8211; pi\u00f9 flessibili e in sintonia con i modi di vivere delle societ\u00e0, con i bisogni delle persone. Meno merci e pi\u00f9 servizi, conoscenze, dispositivi che si adattano al presente e al futuro delle comunit\u00e0. In questa prospettiva il design italiano sta dando molto alla cultura del progetto, anche mediante una didattica universitaria che fonde insieme storia e scienza\u201d. Ripercorrendo le esperienze dell\u2019ISIA, il talk racconter\u00e0 l\u2019eccellenza italiana nell\u2019arte del progetto.<\/p>\n<p>&nbsp;<\/p>\n<h6>ISIA Faenza &#8211; Ufficio Stampa<br \/>\nStefania Mazzotti<br \/>\ncorso Mazzini 93, Faenza (RA)<br \/>\ntel. 0546 22293, cel. 339 1228409, <a href=\"mailto:ufficiostampa@isiafaenza.it\">ufficio.stampa@isiafaenza.it<\/a><br \/>\n<a href=\"http:\/\/www.isiafaenza.it\" data-saferedirecturl=\"https:\/\/www.google.com\/url?hl=it&amp;q=http:\/\/www.isiafaenza.it&amp;source=gmail&amp;ust=1487867339105000&amp;usg=AFQjCNE5WOkOthKT47gXUm_ungZJPZpFQw\">www.isiafaenza.it<\/a><\/h6>\n<h6>Per informazioni generali sull&#8217;Italian Design Day: <a href=\"mailto:press.design@triennale.org\">press.design@triennale.org<\/a><\/h6>\n<p><\/p>","protected":false},"excerpt":{"rendered":"<p>In occasione dell\u2019Italian Design Day Marinella Paderni, direttore dell\u2019ISIA di Faenza, \u00e8 stata nominata dalla Farnesina ambasciatore del design italiano nel mondo Lanciato dal Ministero degli Affari Esteri e della [&hellip;]<\/p>\n","protected":false},"author":1,"featured_media":8050,"comment_status":"closed","ping_status":"closed","sticky":false,"template":"","format":"standard","meta":{"om_disable_all_campaigns":false,"_monsterinsights_skip_tracking":false,"footnotes":""},"categories":[320],"tags":[],"class_list":["post-8049","post","type-post","status-publish","format-standard","has-post-thumbnail","hentry","category-s9-news","has_thumb"],"aioseo_notices":[],"_links":{"self":[{"href":"https:\/\/www.isiafaenza.it\/en\/wp-json\/wp\/v2\/posts\/8049","targetHints":{"allow":["GET"]}}],"collection":[{"href":"https:\/\/www.isiafaenza.it\/en\/wp-json\/wp\/v2\/posts"}],"about":[{"href":"https:\/\/www.isiafaenza.it\/en\/wp-json\/wp\/v2\/types\/post"}],"author":[{"embeddable":true,"href":"https:\/\/www.isiafaenza.it\/en\/wp-json\/wp\/v2\/users\/1"}],"replies":[{"embeddable":true,"href":"https:\/\/www.isiafaenza.it\/en\/wp-json\/wp\/v2\/comments?post=8049"}],"version-history":[{"count":5,"href":"https:\/\/www.isiafaenza.it\/en\/wp-json\/wp\/v2\/posts\/8049\/revisions"}],"predecessor-version":[{"id":8854,"href":"https:\/\/www.isiafaenza.it\/en\/wp-json\/wp\/v2\/posts\/8049\/revisions\/8854"}],"wp:featuredmedia":[{"embeddable":true,"href":"https:\/\/www.isiafaenza.it\/en\/wp-json\/wp\/v2\/media\/8050"}],"wp:attachment":[{"href":"https:\/\/www.isiafaenza.it\/en\/wp-json\/wp\/v2\/media?parent=8049"}],"wp:term":[{"taxonomy":"category","embeddable":true,"href":"https:\/\/www.isiafaenza.it\/en\/wp-json\/wp\/v2\/categories?post=8049"},{"taxonomy":"post_tag","embeddable":true,"href":"https:\/\/www.isiafaenza.it\/en\/wp-json\/wp\/v2\/tags?post=8049"}],"curies":[{"name":"wp","href":"https:\/\/api.w.org\/{rel}","templated":true}]}}