{"id":7547,"date":"2016-10-01T17:36:26","date_gmt":"2016-10-01T15:36:26","guid":{"rendered":"http:\/\/www.isiafaenza.it\/?p=7547"},"modified":"2017-03-18T18:06:24","modified_gmt":"2017-03-18T17:06:24","slug":"isia-fashion-for-all-grazie-agli-studenti-isia-di-faenza-la-moda-diventa-accessibile-a-tutti","status":"publish","type":"post","link":"https:\/\/www.isiafaenza.it\/en\/isia-fashion-for-all-grazie-agli-studenti-isia-di-faenza-la-moda-diventa-accessibile-a-tutti\/","title":{"rendered":"&#8221;ISIA Fashion for all&#8221;: grazie agli studenti ISIA di Faenza, la moda diventa accessibile a tutti"},"content":{"rendered":"<p><a href=\"http:\/\/www.isiafaenza.it\/wp-content\/uploads\/2016\/10\/ISIA_Fashion_For_All.jpg\"><img loading=\"lazy\" decoding=\"async\" class=\"alignleft size-large wp-image-7548\" src=\"http:\/\/www.isiafaenza.it\/wp-content\/uploads\/2016\/10\/ISIA_Fashion_For_All-1024x513.jpg\" alt=\"isia_fashion_for_all\" width=\"550\" height=\"276\" srcset=\"https:\/\/www.isiafaenza.it\/wp-content\/uploads\/2016\/10\/ISIA_Fashion_For_All-1024x513.jpg 1024w, https:\/\/www.isiafaenza.it\/wp-content\/uploads\/2016\/10\/ISIA_Fashion_For_All-300x150.jpg 300w, https:\/\/www.isiafaenza.it\/wp-content\/uploads\/2016\/10\/ISIA_Fashion_For_All.jpg 1785w\" sizes=\"auto, (max-width: 550px) 100vw, 550px\" \/><\/a><br \/>\nL\u2019ISIA di Faenza (Istituto Superiore per le Industrie Artistiche), che negli ultimi anni ha indirizzato la sua didattica sempre di pi\u00f9 verso temi connessi al design etico, continua la sua ricerca\u00a0 nell&#8217;ambito del fashion <strong>design for all<\/strong>.<\/p>\n<p>&#8220;Progettare Design for All significa ideare ambienti, prodotti e servizi tenendo conto della fruibilit\u00e0 di persone con esigenze e abilit\u00e0 diversificate introducendo la diversit\u00e0 umana nel processo progettuale.\u00a0 &#8211; spiega <strong>Roberto Ossani,<\/strong> direttore dell&#8217;ISIA di Faenza &#8211;\u00a0 Cos\u00ec il prodotto \u00e8 in partenza progettato per essere utilizzato in modo facile, comodo e gradevole dalla maggior parte delle persone tenendo conto delle diverse abilit\u00e0 fisiche, sensoriali o cognitive&#8221;.<\/p>\n<p>Un innovativo modo di progettare che parte dall&#8217;inclusivit\u00e0 invece che dalla diversit\u00e0 e che prevede la collaborazione del designer con altri specialisti come l&#8217;ergonomo, lo psicologo, il marketer e con il coinvolgimento diretto dei destinatari.<\/p>\n<p>Cos\u00ec, come evento di fine anno accademico, gli studenti dell&#8217;ISIA di Faenza sono stati coinvolti nella realizzazione di una collezione di abiti &#8220;for all&#8221; dal titolo <strong>&#8220;ISIA Fashion for all&#8221;,<\/strong> che sar\u00e0 presentata in una sfilata\u00a0 che vedr\u00e0 uscire in passerella abiti indossati da modelle e da persone con disabilit\u00e0.\u00a0 La sfilata si terr\u00e0 sabato 8 ottobre, alle 21, al Museo Internazionale delle Ceramiche in Faenza nell&#8217;ambito della <strong>&#8220;Settimana del Contemporaneo&#8221;<\/strong> indetta per celebrare la <strong>XII Giornata del Contemporaneo di Amaci<\/strong>.<br \/>\n&#8220;Nel 2015 avevamo gi\u00e0 lavorato su questi temi. Ma se l&#8217;anno scorso avevamo ideato una collezione su misura per le esigenze dei diversamente abili, in una sorta di progetto di alta sartoria, quest&#8217;anno abbiamo voluto superare le differenze &#8211; spiega <strong>Stefania Bertoni,<\/strong> docente del corso di fashion design all&#8217;ISIA di Faenza &#8211;\u00a0 e ci siamo concentrati sull&#8217;idea che il prodotto debba essere prodotto in serie, a priori, progettato per tutti e possa essere, allo stesso modo di un treno o un marciapiede, fruibile comodamente anche da una persona diversamente abile che, al pari degli altri, ha il diritto di indossare un abito comodo e bello&#8221;.<\/p>\n<p>\u201cL\u2019evento si svolge simbolicamente al MIC \u2013 conclude il Presidente <strong>Giovanna Cassese<\/strong> &#8211; a sottolineare la costante apertura al territorio dell\u2019ISIA nonch\u00e9 la grande sintonia con l\u2019importante istituzione museale faentina e si inquadra in un pi\u00f9 vasto progetto di attenzione per il design come cardine di sviluppo solidale e sostenibile,\u00a0 che vedr\u00e0 nel 2017 l\u2019ISIA\u00a0 di Faenza protagonista nell\u2019organizzare la sezione \u201cDesign\u201d dell\u2019importante Premio Nazionale delle Arti del MIUR, con la partecipazione delle pi\u00f9 importanti istituzioni\u00a0 europee di alta formazione che presenteranno i progetti pi\u00f9 interessanti e innovativi connessi\u00a0 alla progettazione per il sociale\u201d.<\/p>\n<p>La sfilata e gli abiti sono stati realizzati in collaborazione con <strong>Aias Bologna Onlus<\/strong>.<\/p>\n<p>Per informazioni: 0546\/22293; www.isiafaenza.it.<\/p>","protected":false},"excerpt":{"rendered":"<p>L&#8217;8 ottobre al MIC di Faenza la sfilata di presentazione della nuova collezione disegnata secondo le innovative teorie inclusive del &#8220;design for all&#8221;.<\/p>\n","protected":false},"author":1,"featured_media":7548,"comment_status":"closed","ping_status":"closed","sticky":false,"template":"","format":"standard","meta":{"om_disable_all_campaigns":false,"_monsterinsights_skip_tracking":false,"footnotes":""},"categories":[320],"tags":[274,297,314,406],"class_list":["post-7547","post","type-post","status-publish","format-standard","has-post-thumbnail","hentry","category-s9-news","tag-isia-faenza","tag-anno-accademico-20152016","tag-fashion-design","tag-design-for-all","has_thumb"],"aioseo_notices":[],"_links":{"self":[{"href":"https:\/\/www.isiafaenza.it\/en\/wp-json\/wp\/v2\/posts\/7547","targetHints":{"allow":["GET"]}}],"collection":[{"href":"https:\/\/www.isiafaenza.it\/en\/wp-json\/wp\/v2\/posts"}],"about":[{"href":"https:\/\/www.isiafaenza.it\/en\/wp-json\/wp\/v2\/types\/post"}],"author":[{"embeddable":true,"href":"https:\/\/www.isiafaenza.it\/en\/wp-json\/wp\/v2\/users\/1"}],"replies":[{"embeddable":true,"href":"https:\/\/www.isiafaenza.it\/en\/wp-json\/wp\/v2\/comments?post=7547"}],"version-history":[{"count":4,"href":"https:\/\/www.isiafaenza.it\/en\/wp-json\/wp\/v2\/posts\/7547\/revisions"}],"predecessor-version":[{"id":7552,"href":"https:\/\/www.isiafaenza.it\/en\/wp-json\/wp\/v2\/posts\/7547\/revisions\/7552"}],"wp:featuredmedia":[{"embeddable":true,"href":"https:\/\/www.isiafaenza.it\/en\/wp-json\/wp\/v2\/media\/7548"}],"wp:attachment":[{"href":"https:\/\/www.isiafaenza.it\/en\/wp-json\/wp\/v2\/media?parent=7547"}],"wp:term":[{"taxonomy":"category","embeddable":true,"href":"https:\/\/www.isiafaenza.it\/en\/wp-json\/wp\/v2\/categories?post=7547"},{"taxonomy":"post_tag","embeddable":true,"href":"https:\/\/www.isiafaenza.it\/en\/wp-json\/wp\/v2\/tags?post=7547"}],"curies":[{"name":"wp","href":"https:\/\/api.w.org\/{rel}","templated":true}]}}