{"id":6175,"date":"2015-05-19T11:29:35","date_gmt":"2015-05-19T09:29:35","guid":{"rendered":"http:\/\/www.isiafaenza.it\/?p=6175"},"modified":"2017-03-18T18:14:39","modified_gmt":"2017-03-18T17:14:39","slug":"allisia-di-faenza-il-20-maggio-arriva-giuseppe-furlanis-per-una-dimensione-etica-del-design","status":"publish","type":"post","link":"https:\/\/www.isiafaenza.it\/en\/allisia-di-faenza-il-20-maggio-arriva-giuseppe-furlanis-per-una-dimensione-etica-del-design\/","title":{"rendered":"All&#8217;ISIA di Faenza il 20 maggio l&#8217;ultimo incontro del ciclo \u00c8 il design bellezza! con Giuseppe Furlanis"},"content":{"rendered":"<p>\u00a0<\/p>\n<p><a href=\"http:\/\/www.isiafaenza.it\/wp-content\/uploads\/2015\/05\/giuseppe-furlanis-web.jpg\"><img loading=\"lazy\" decoding=\"async\" class=\"alignleft size-medium wp-image-6176\" src=\"http:\/\/www.isiafaenza.it\/wp-content\/uploads\/2015\/05\/giuseppe-furlanis-web-225x300.jpg\" alt=\"giuseppe furlanis web\" width=\"225\" height=\"300\" srcset=\"https:\/\/www.isiafaenza.it\/wp-content\/uploads\/2015\/05\/giuseppe-furlanis-web-225x300.jpg 225w, https:\/\/www.isiafaenza.it\/wp-content\/uploads\/2015\/05\/giuseppe-furlanis-web.jpg 332w\" sizes=\"auto, (max-width: 225px) 100vw, 225px\" \/><\/a>Ultimo appuntamento per il ciclo di lezioni aperte al pubblico<em> \u00c8 il design bellezza!<\/em> dedicate ai rapporti tra etica e design. Mercoled\u00ec 20 maggio, alle 18, arriva all&#8217;ISIA di Faenza Giuseppe Furlanis, direttore dell\u2019ISIA di Firenze, con una rela-zione intitolata \u201cPer una dimensione etica del design\u201d che va ad affrontare il tema della relazione tra creativit\u00e0 e &#8220;utilit\u00e0 sociale&#8221;.<br \/>\nProvoca Furlanis: &#8220;\u00c8 creativit\u00e0 quella dell&#8217;ingegnere che ha utilizzato le proprie capacit\u00e0 creative per inventare le mine antiuomo a forma di uccellino con il fine di attirare i bambini?&#8221;. Proprio per questo Furlanis sostiene che il design deve avere fin dalla sua origine finalit\u00e0 etiche e sociali. \u201cLa creativit\u00e0 per essere di effettiva necessit\u00e0 per l&#8217;uomo e per la societ\u00e0, &#8211; spiega Furlanis &#8211; \u00e8 indispensabile sia orientata verso un modello di sviluppo sostenibile e solidale; che sia attenta alle esigenze di tutela dell&#8217;ambiente, delle risorse naturali e culturali; che sia in grado di dare risposte adeguate ai nuovi bisogni sociali, sapendo cogliere i mutamenti in atto\u201d.<br \/>\nIn questa cornice il design \u00e8 chiamato a rivedere il proprio statuto, a dilatare il suo campo di azione verso nuovi territori mantenendo comunque sempre una prospettiva ideale che sia in grado di dare senso e significato etico al proprio agire. \u201cSe da un lato questa complessit\u00e0 determina una vera e propria crisi nella cultura e nelle prassi del design, &#8211; continua Furlanis &#8211; dall&#8217;altro apre a nuove opportunit\u00e0 estendendo la azione del designer verso nuovi territori e nuove pratiche, dalla concezione autoriale ad una visione sistemica dell&#8217;atto creativo in cui l&#8217;innovazione \u00e8 sempre pi\u00f9 il prodotto di un&#8217;interazione di conoscenze e di competenze specialistiche diverse. Un design che oltre ai prodotti sappia progettare servizi, idee, conoscenza e sia in grado, quando impegnato a valorizzare la qualit\u00e0 estetica dei prodotti, di non disgiungere mai l&#8217;atto creativo da una sua indispensabile dimensione etica\u201d.<br \/>\nLa conferenza si svolge nell\u2019Aula Magna dell\u2019ISIA di Faenza, Corso Mazzini 93, alle ore 18. Ingresso gratuito. Per informazioni: 0546 22293<\/p>\n<p>ISIA FAENZA<br \/>\nC.so Mazzini, 93<br \/>\n48018 Faenza RA<br \/>\n0546 222 93<br \/>\nwww.isiafaenza.it<\/p>","protected":false},"excerpt":{"rendered":"<p>\u00a0 Ultimo appuntamento per il ciclo di lezioni aperte al pubblico \u00c8 il design bellezza! dedicate ai rapporti tra etica e design. Mercoled\u00ec 20 maggio, alle 18, arriva all&#8217;ISIA di [&hellip;]<\/p>\n","protected":false},"author":1,"featured_media":6176,"comment_status":"closed","ping_status":"closed","sticky":false,"template":"","format":"standard","meta":{"om_disable_all_campaigns":false,"_monsterinsights_skip_tracking":false,"footnotes":""},"categories":[328],"tags":[274,279,280,281,282],"class_list":["post-6175","post","type-post","status-publish","format-standard","has-post-thumbnail","hentry","category-appuntamenti","tag-isia-faenza","tag-e-il-design-bellezza","tag-giuseppe-furlanis","tag-isia-firenze","tag-design-etico","has_thumb"],"aioseo_notices":[],"_links":{"self":[{"href":"https:\/\/www.isiafaenza.it\/en\/wp-json\/wp\/v2\/posts\/6175","targetHints":{"allow":["GET"]}}],"collection":[{"href":"https:\/\/www.isiafaenza.it\/en\/wp-json\/wp\/v2\/posts"}],"about":[{"href":"https:\/\/www.isiafaenza.it\/en\/wp-json\/wp\/v2\/types\/post"}],"author":[{"embeddable":true,"href":"https:\/\/www.isiafaenza.it\/en\/wp-json\/wp\/v2\/users\/1"}],"replies":[{"embeddable":true,"href":"https:\/\/www.isiafaenza.it\/en\/wp-json\/wp\/v2\/comments?post=6175"}],"version-history":[{"count":4,"href":"https:\/\/www.isiafaenza.it\/en\/wp-json\/wp\/v2\/posts\/6175\/revisions"}],"predecessor-version":[{"id":6180,"href":"https:\/\/www.isiafaenza.it\/en\/wp-json\/wp\/v2\/posts\/6175\/revisions\/6180"}],"wp:featuredmedia":[{"embeddable":true,"href":"https:\/\/www.isiafaenza.it\/en\/wp-json\/wp\/v2\/media\/6176"}],"wp:attachment":[{"href":"https:\/\/www.isiafaenza.it\/en\/wp-json\/wp\/v2\/media?parent=6175"}],"wp:term":[{"taxonomy":"category","embeddable":true,"href":"https:\/\/www.isiafaenza.it\/en\/wp-json\/wp\/v2\/categories?post=6175"},{"taxonomy":"post_tag","embeddable":true,"href":"https:\/\/www.isiafaenza.it\/en\/wp-json\/wp\/v2\/tags?post=6175"}],"curies":[{"name":"wp","href":"https:\/\/api.w.org\/{rel}","templated":true}]}}