{"id":574,"date":"2010-08-09T06:47:23","date_gmt":"2010-08-09T04:47:23","guid":{"rendered":"http:\/\/www.isiafaenza.it\/?page_id=574"},"modified":"2010-08-09T06:47:23","modified_gmt":"2010-08-09T04:47:23","slug":"orario-settimana-di-ferragosto","status":"publish","type":"post","link":"https:\/\/www.isiafaenza.it\/en\/orario-settimana-di-ferragosto\/","title":{"rendered":"orario settimana di ferragosto"},"content":{"rendered":"<p>Dal 9 al 12 agosto, l&#8217;istituto sar\u00e0 aperto nei seguenti orari: dalle ore 8.00 alle ore 14.00.<br \/>\nVenerd\u00ec 13 agosto chiusura totale dell&#8217;Istituto. <br \/>\nOrario apertura segreteria al pubblico: dal luned\u00ec al gioved\u00ec dalle 11.00 alle 13.00<\/p>\n","protected":false},"excerpt":{"rendered":"<p>Dal 9 al 12 agosto, l&#8217;istituto sar\u00e0 aperto nei seguenti orari: dalle ore 8.00 alle ore 14.00. Venerd\u00ec 13 agosto chiusura totale dell&#8217;Istituto. Orario apertura segreteria al pubblico: dal luned\u00ec [&hellip;]<\/p>\n","protected":false},"author":1,"featured_media":0,"comment_status":"open","ping_status":"open","sticky":false,"template":"","format":"standard","meta":{"om_disable_all_campaigns":false,"_monsterinsights_skip_tracking":false,"footnotes":""},"categories":[],"tags":[],"class_list":["post-574","post","type-post","status-publish","format-standard","hentry","has_no_thumb"],"aioseo_notices":[],"_links":{"self":[{"href":"https:\/\/www.isiafaenza.it\/en\/wp-json\/wp\/v2\/posts\/574","targetHints":{"allow":["GET"]}}],"collection":[{"href":"https:\/\/www.isiafaenza.it\/en\/wp-json\/wp\/v2\/posts"}],"about":[{"href":"https:\/\/www.isiafaenza.it\/en\/wp-json\/wp\/v2\/types\/post"}],"author":[{"embeddable":true,"href":"https:\/\/www.isiafaenza.it\/en\/wp-json\/wp\/v2\/users\/1"}],"replies":[{"embeddable":true,"href":"https:\/\/www.isiafaenza.it\/en\/wp-json\/wp\/v2\/comments?post=574"}],"version-history":[{"count":0,"href":"https:\/\/www.isiafaenza.it\/en\/wp-json\/wp\/v2\/posts\/574\/revisions"}],"wp:attachment":[{"href":"https:\/\/www.isiafaenza.it\/en\/wp-json\/wp\/v2\/media?parent=574"}],"wp:term":[{"taxonomy":"category","embeddable":true,"href":"https:\/\/www.isiafaenza.it\/en\/wp-json\/wp\/v2\/categories?post=574"},{"taxonomy":"post_tag","embeddable":true,"href":"https:\/\/www.isiafaenza.it\/en\/wp-json\/wp\/v2\/tags?post=574"}],"curies":[{"name":"wp","href":"https:\/\/api.w.org\/{rel}","templated":true}]}}