{"id":550,"date":"2010-06-22T13:49:29","date_gmt":"2010-06-22T11:49:29","guid":{"rendered":"http:\/\/www.isiafaenza.it\/?page_id=550"},"modified":"2010-06-22T13:49:29","modified_gmt":"2010-06-22T11:49:29","slug":"orario-estivo","status":"publish","type":"post","link":"https:\/\/www.isiafaenza.it\/en\/orario-estivo\/","title":{"rendered":"orario estivo"},"content":{"rendered":"<p>A partire dal 28\/06, fino al 27\/08\/2010, l&#8217;Istituto osserver\u00e0 i seguenti orari di apertura:<br \/>\nluned\u00ec, mercoled\u00ec e venerd\u00ec &#8211; dalle ore 8.00 alle ore 14.00<br \/>\nmarted\u00ec e gioved\u00ec &#8211; dalle ore 8.00 alle ore 17.30<\/p>\n<p>La segreteria sar\u00e0 aperta al pubblico dal luned\u00ec al venerd\u00ec dalle ore 11.00 alle ore 13.00.<\/p>\n<p><span style=\"color: #ff0000\">Attenzione:<\/span> luned\u00ec 28 giugno la Direzione e tutti gli uffici saranno <u>chiusi<\/u> al pubblico.<\/p>\n","protected":false},"excerpt":{"rendered":"<p>A partire dal 28\/06, fino al 27\/08\/2010, l&#8217;Istituto osserver\u00e0 i seguenti orari di apertura: luned\u00ec, mercoled\u00ec e venerd\u00ec &#8211; dalle ore 8.00 alle ore 14.00 marted\u00ec e gioved\u00ec &#8211; dalle [&hellip;]<\/p>\n","protected":false},"author":1,"featured_media":0,"comment_status":"open","ping_status":"open","sticky":false,"template":"","format":"standard","meta":{"om_disable_all_campaigns":false,"_monsterinsights_skip_tracking":false,"footnotes":""},"categories":[],"tags":[],"class_list":["post-550","post","type-post","status-publish","format-standard","hentry","has_no_thumb"],"aioseo_notices":[],"_links":{"self":[{"href":"https:\/\/www.isiafaenza.it\/en\/wp-json\/wp\/v2\/posts\/550","targetHints":{"allow":["GET"]}}],"collection":[{"href":"https:\/\/www.isiafaenza.it\/en\/wp-json\/wp\/v2\/posts"}],"about":[{"href":"https:\/\/www.isiafaenza.it\/en\/wp-json\/wp\/v2\/types\/post"}],"author":[{"embeddable":true,"href":"https:\/\/www.isiafaenza.it\/en\/wp-json\/wp\/v2\/users\/1"}],"replies":[{"embeddable":true,"href":"https:\/\/www.isiafaenza.it\/en\/wp-json\/wp\/v2\/comments?post=550"}],"version-history":[{"count":0,"href":"https:\/\/www.isiafaenza.it\/en\/wp-json\/wp\/v2\/posts\/550\/revisions"}],"wp:attachment":[{"href":"https:\/\/www.isiafaenza.it\/en\/wp-json\/wp\/v2\/media?parent=550"}],"wp:term":[{"taxonomy":"category","embeddable":true,"href":"https:\/\/www.isiafaenza.it\/en\/wp-json\/wp\/v2\/categories?post=550"},{"taxonomy":"post_tag","embeddable":true,"href":"https:\/\/www.isiafaenza.it\/en\/wp-json\/wp\/v2\/tags?post=550"}],"curies":[{"name":"wp","href":"https:\/\/api.w.org\/{rel}","templated":true}]}}