{"id":488,"date":"2010-03-10T11:12:09","date_gmt":"2010-03-10T10:12:09","guid":{"rendered":"http:\/\/www.isiafaenza.it\/?page_id=488"},"modified":"2010-03-10T11:12:09","modified_gmt":"2010-03-10T10:12:09","slug":"programmazione-didattica-nei-giorni-10-11-12032010","status":"publish","type":"post","link":"https:\/\/www.isiafaenza.it\/en\/programmazione-didattica-nei-giorni-10-11-12032010\/","title":{"rendered":"Programmazione didattica nei giorni 10, 11, 12\/03\/2010"},"content":{"rendered":"<div>&#8211; A motivo delle avverse condizioni atmosferiche l&rsquo;attivit\u00e0 istituzionale odierna \u00e8 sospesa dalle ore 14.00.<\/div>\n<div>&#8211; Le attivit\u00e0 didattiche del giorno 11\/03\/2010 sono al momento regolarmente programmate, salvo disposizioni del Prefetto che&nbsp; saranno comunicate non appena disponibili. Qualora le suddette disposizioni siano diramate dopo le ore 14.00, gli utenti e il personale sono pregati di fare riferimento alle comunicazioni attive sul&nbsp;sito &nbsp;internet dell&#8217;ente locale <a href=\"http:\/\/www.comune.faenza.ra.it\">www.comune.faenza.ra.it<\/a><\/div>\n<div>&#8211; Segnaliamo che nella data 12\/03\/2010 \u00e8 previsto uno sciopero del personale indetto da un Sindacato Nazionale ed \u00e8 pertanto possibile che non sia garantito un regolare servizio.<\/div>\n<div>&nbsp;<\/div>\n","protected":false},"excerpt":{"rendered":"<p>&#8211; A motivo delle avverse condizioni atmosferiche l&rsquo;attivit\u00e0 istituzionale odierna \u00e8 sospesa dalle ore 14.00. &#8211; Le attivit\u00e0 didattiche del giorno 11\/03\/2010 sono al momento regolarmente programmate, salvo disposizioni del [&hellip;]<\/p>\n","protected":false},"author":1,"featured_media":0,"comment_status":"open","ping_status":"open","sticky":false,"template":"","format":"standard","meta":{"om_disable_all_campaigns":false,"_monsterinsights_skip_tracking":false,"footnotes":""},"categories":[],"tags":[],"class_list":["post-488","post","type-post","status-publish","format-standard","hentry","has_no_thumb"],"aioseo_notices":[],"_links":{"self":[{"href":"https:\/\/www.isiafaenza.it\/en\/wp-json\/wp\/v2\/posts\/488","targetHints":{"allow":["GET"]}}],"collection":[{"href":"https:\/\/www.isiafaenza.it\/en\/wp-json\/wp\/v2\/posts"}],"about":[{"href":"https:\/\/www.isiafaenza.it\/en\/wp-json\/wp\/v2\/types\/post"}],"author":[{"embeddable":true,"href":"https:\/\/www.isiafaenza.it\/en\/wp-json\/wp\/v2\/users\/1"}],"replies":[{"embeddable":true,"href":"https:\/\/www.isiafaenza.it\/en\/wp-json\/wp\/v2\/comments?post=488"}],"version-history":[{"count":0,"href":"https:\/\/www.isiafaenza.it\/en\/wp-json\/wp\/v2\/posts\/488\/revisions"}],"wp:attachment":[{"href":"https:\/\/www.isiafaenza.it\/en\/wp-json\/wp\/v2\/media?parent=488"}],"wp:term":[{"taxonomy":"category","embeddable":true,"href":"https:\/\/www.isiafaenza.it\/en\/wp-json\/wp\/v2\/categories?post=488"},{"taxonomy":"post_tag","embeddable":true,"href":"https:\/\/www.isiafaenza.it\/en\/wp-json\/wp\/v2\/tags?post=488"}],"curies":[{"name":"wp","href":"https:\/\/api.w.org\/{rel}","templated":true}]}}