{"id":283,"date":"2009-07-13T09:08:05","date_gmt":"2009-07-13T07:08:05","guid":{"rendered":"http:\/\/www.isiafaenza.it\/?page_id=283"},"modified":"2009-07-13T09:08:05","modified_gmt":"2009-07-13T07:08:05","slug":"si-comunica-che-dal-29-giugno-al-28-agosto-2009-listituto-seguira-il-seguente-orario-dal-lunedi-al-venerdi-dalle-ore-800-alle-1515-resta-invariato-lorario-di-ricevimento-del-pubblico-dalle-1100-alle-1","status":"publish","type":"post","link":"https:\/\/www.isiafaenza.it\/en\/si-comunica-che-dal-29-giugno-al-28-agosto-2009-listituto-seguira-il-seguente-orario-dal-lunedi-al-venerdi-dalle-ore-800-alle-1515-resta-invariato-lorario-di-ricevimento-del-pubblico-dalle-1100-alle-1\/","title":{"rendered":"Si comunica che dal 29 giugno al 28 agosto 2009, l&#8217;Istituto seguir\u00e0 il seguente orario: dal luned\u00ec al venerd\u00ec dalle ore 8.00 alle 15.15. Resta invariato l&#8217;orario di ricevimento del pubblico dalle 11.00 alle 13.00"},"content":{"rendered":"<p>pubblicato il 14\/07\/09<\/p>\n","protected":false},"excerpt":{"rendered":"<p>pubblicato il 14\/07\/09<\/p>\n","protected":false},"author":1,"featured_media":0,"comment_status":"open","ping_status":"open","sticky":false,"template":"","format":"standard","meta":{"om_disable_all_campaigns":false,"_monsterinsights_skip_tracking":false,"footnotes":""},"categories":[],"tags":[],"class_list":["post-283","post","type-post","status-publish","format-standard","hentry","has_no_thumb"],"aioseo_notices":[],"_links":{"self":[{"href":"https:\/\/www.isiafaenza.it\/en\/wp-json\/wp\/v2\/posts\/283","targetHints":{"allow":["GET"]}}],"collection":[{"href":"https:\/\/www.isiafaenza.it\/en\/wp-json\/wp\/v2\/posts"}],"about":[{"href":"https:\/\/www.isiafaenza.it\/en\/wp-json\/wp\/v2\/types\/post"}],"author":[{"embeddable":true,"href":"https:\/\/www.isiafaenza.it\/en\/wp-json\/wp\/v2\/users\/1"}],"replies":[{"embeddable":true,"href":"https:\/\/www.isiafaenza.it\/en\/wp-json\/wp\/v2\/comments?post=283"}],"version-history":[{"count":0,"href":"https:\/\/www.isiafaenza.it\/en\/wp-json\/wp\/v2\/posts\/283\/revisions"}],"wp:attachment":[{"href":"https:\/\/www.isiafaenza.it\/en\/wp-json\/wp\/v2\/media?parent=283"}],"wp:term":[{"taxonomy":"category","embeddable":true,"href":"https:\/\/www.isiafaenza.it\/en\/wp-json\/wp\/v2\/categories?post=283"},{"taxonomy":"post_tag","embeddable":true,"href":"https:\/\/www.isiafaenza.it\/en\/wp-json\/wp\/v2\/tags?post=283"}],"curies":[{"name":"wp","href":"https:\/\/api.w.org\/{rel}","templated":true}]}}