{"id":188,"date":"2009-01-08T18:32:41","date_gmt":"2009-01-08T17:32:41","guid":{"rendered":"http:\/\/www.isiafaenza.it\/?page_id=188"},"modified":"2009-01-08T18:32:41","modified_gmt":"2009-01-08T17:32:41","slug":"conferenza-su-qaspetti-giuridici-e-sociologici-dellassenteismo-dai-luoghi-di-lavoroq","status":"publish","type":"post","link":"https:\/\/www.isiafaenza.it\/en\/conferenza-su-qaspetti-giuridici-e-sociologici-dellassenteismo-dai-luoghi-di-lavoroq\/","title":{"rendered":"Conferenza su &#8220;Aspetti giuridici e sociologici dell&#8217;assenteismo dai luoghi di lavoro&#8221;"},"content":{"rendered":"<p><b><span class=\"tdSottoTitolo\">gioved\u00ec 08\/01\/09 ore 14.00, universit\u00e0 di Bologna &#8211;  aula II della Facolt\u00e0 di Economia, Piazza Scaravilli 2, Bologna.<\/span> <\/b><br clear=\"all\"><br \/>\n<span>La conferenza sar\u00e0 tenuta dal prof. Paolo Foschi, docente  dell&#8217;ISIA di Faenza, all&#8217;interno del master in &#8220;Diritto del Lavoro&#8221; organizzato  dall&#8217;Universit\u00e0 di Bologna.<\/span><br clear=\"all\"><\/p>\n","protected":false},"excerpt":{"rendered":"<p>gioved\u00ec 08\/01\/09 ore 14.00, universit\u00e0 di Bologna &#8211; aula II della Facolt\u00e0 di Economia, Piazza Scaravilli 2, Bologna. La conferenza sar\u00e0 tenuta dal prof. Paolo Foschi, docente dell&#8217;ISIA di Faenza, [&hellip;]<\/p>\n","protected":false},"author":1,"featured_media":0,"comment_status":"open","ping_status":"open","sticky":false,"template":"","format":"standard","meta":{"om_disable_all_campaigns":false,"_monsterinsights_skip_tracking":false,"footnotes":""},"categories":[],"tags":[],"class_list":["post-188","post","type-post","status-publish","format-standard","hentry","has_no_thumb"],"aioseo_notices":[],"_links":{"self":[{"href":"https:\/\/www.isiafaenza.it\/en\/wp-json\/wp\/v2\/posts\/188","targetHints":{"allow":["GET"]}}],"collection":[{"href":"https:\/\/www.isiafaenza.it\/en\/wp-json\/wp\/v2\/posts"}],"about":[{"href":"https:\/\/www.isiafaenza.it\/en\/wp-json\/wp\/v2\/types\/post"}],"author":[{"embeddable":true,"href":"https:\/\/www.isiafaenza.it\/en\/wp-json\/wp\/v2\/users\/1"}],"replies":[{"embeddable":true,"href":"https:\/\/www.isiafaenza.it\/en\/wp-json\/wp\/v2\/comments?post=188"}],"version-history":[{"count":0,"href":"https:\/\/www.isiafaenza.it\/en\/wp-json\/wp\/v2\/posts\/188\/revisions"}],"wp:attachment":[{"href":"https:\/\/www.isiafaenza.it\/en\/wp-json\/wp\/v2\/media?parent=188"}],"wp:term":[{"taxonomy":"category","embeddable":true,"href":"https:\/\/www.isiafaenza.it\/en\/wp-json\/wp\/v2\/categories?post=188"},{"taxonomy":"post_tag","embeddable":true,"href":"https:\/\/www.isiafaenza.it\/en\/wp-json\/wp\/v2\/tags?post=188"}],"curies":[{"name":"wp","href":"https:\/\/api.w.org\/{rel}","templated":true}]}}